{"id":226,"date":"2021-10-19T10:41:38","date_gmt":"2021-10-19T08:41:38","guid":{"rendered":"https:\/\/burningsun.eu\/?p=226"},"modified":"2021-11-18T19:19:26","modified_gmt":"2021-11-18T17:19:26","slug":"covid-la-vitamina-d-previene-linfezione-cosa-dicono-gli-esperti","status":"publish","type":"post","link":"https:\/\/burningsun.eu\/en\/covid-la-vitamina-d-previene-linfezione-cosa-dicono-gli-esperti\/","title":{"rendered":"Covid, la vitamina D previene l\u2019infezione? Cosa dicono gli esperti"},"content":{"rendered":"\n<p>La vitamina d \u00e8 davvero in grado di prevenire o trattare il Covid-19? Ecco cosa dicono gli esperti<\/p>\n\n\n\n<p>Il focus della ricerca riguarda in realt\u00e0 l\u2019aiuto che fornisce la vitamina al sistema immunitario e la possibilit\u00e0 di scongiurare, in alcuni casi, malattie respiratorie. La prevenzione patologie croniche legate alla carenza di vitamina D, inoltre, pu\u00f2 evitare complicazioni ulteriori in caso d\u2019infezione. Ma vediamo cosa dicono gli esperti.<br>Vitamina D utile contro il coronavirus?<br>Al momento esistono pi\u00f9 di 300 studi che illustrano un possibile legame tra la Covid-19 e la vitamina D, i quali evidenziano una carenza di questa sostanza (ipovitaminosi D) nei pazienti che hanno manifestato forme gravi dell\u2019infezione causata dal Sars-CoV-2 e in quelli deceduti.<\/p>\n\n\n\n<h4 class=\"wp-block-heading\">Covid-19, un farmaco contro l\u2019influenza pu\u00f2 bloccare la trasmissione: ecco qual \u00e8<\/h4>\n\n\n\n<p>Il professor Giancarlo Isaia, docente di Geriatria e presidente dell\u2019Accademia di Medicina di Torino, e il professor Enzo Medico, ordinario di Istologia all\u2019Universit\u00e0 di Torino, hanno pubblicato uno studio dal titolo \u201cPossibile ruolo preventivo e terapeutico della vitamina D nella gestione della pandemia da COVID-19\u201d. All\u2019interno del documento \u00e8 stato messo in evidenza un possibile legame tra l\u2019ipovitaminosi D riscontrata nella popolazione italiana e le complicanze dell\u2019infezione da coronavirus. I loro risultati trovano conferma anche in numerosi altri studi tra cui quello condotto da Anshul Jain, del dipartimento di Anestesiologia del M.L.B Medical College, in India, che ha coinvolto 154 pazienti, nel quale \u00e8 stato evidenziato che il 31,86% delle persone asintomatiche e il 96,82% dei ricoverati in terapia intensiva mostravano livelli bassi di vitamina D. Sebbene non esistano ancora degli studi clinici controllati diversi scienziati dunque sostengono che questa sostanza possa ridurre la possibilit\u00e0 di sviluppare forme gravi di infezione e addirittura prevenirla, tanto che il Regno Unito, che ha gi\u00e0 dato il via alle vaccinazioni, ha deciso di distribuire gratuitamente la vitamina D a pi\u00f9 di due milioni di cittadini, in forma preventiva.<\/p>\n\n\n\n<h4 class=\"wp-block-heading\">Come combattere la carenza di vitamina D<\/h4>\n\n\n\n<p>Nel documento dell\u2019Universit\u00e0 di Torino si evidenzia come l\u2019Italia sia uno dei Paesi europei, insieme a Spagna e Grecia, in cui si registrano i maggiori casi di ipovitaminosi D. Nei Paesi nordici l\u2019incidenza sembrerebbe minore per \u201cl\u2019antica consuetudine di addizionare cibi di largo consumo \u2013 latte, formaggio, yogurt \u2013 con vitamina D\u201d.<br>Come si pu\u00f2 rimediare a una carenza? Il consiglio \u00e8 quello di esporsi il pi\u00f9 possibile alla luce solare. Per questo periodo di misure restrittive andranno bene anche balconi e terrazze. In aggiunta vanno consumati cibi ricchi di vitamina D come lo sgombro, il tonno, il salmone, i formaggi grassi, il burro, il tuorlo d\u2019uovo, i funghi e la carne di fegato. In alcuni casi, espressamente sotto controllo medico, si possono anche assumere farmaci specifici.<br>Va ricordato che non si tratta di una misura preventiva comprovata ma solamente di un\u2019ipotesi ancora al vaglio degli esperti. Come tale va presa con le pinze, anche perch\u00e9 un eccesso di vitamina D pu\u00f2 causare calcificazioni diffuse negli organi, fino ad arrivare a contrazioni e spasmi muscolari, vomito e diarrea..<\/p>\n\n\n\n<h2 class=\"wp-block-heading\">Da ricordare<\/h2>\n\n\n\n<h4 class=\"wp-block-heading\">Ecco 5 sintomi che potrebbero far pensare a una carenza di vitamina D:<\/h4>\n\n\n\n<p><strong>Stanchezza<\/strong>&nbsp;Se ci si sente spesso stanchi, deboli e depressi \u00e8 probabile che si abbia una carenza di vitamina D. La serotonina, l\u2019ormone associato al buon umore, aumenta con l\u2019esposizione alla luce e regredisce quando l\u2019esposizione al sole diminuisce. Tra i sintomi di scarsa vitamina D c\u2019\u00e8 anche una tendenza all\u2019irritabilit\u00e0 nervosa.&nbsp;<strong>Peso corporeo elevato<\/strong>&nbsp;Una persona in sovrappeso o obesa ha una maggiore necessit\u00e0 di vitamina D rispetto al fabbisogno di un normopeso, pertanto in caso di peso elevato le probabilit\u00e0 di carenza sono maggiori.&nbsp;<strong>Dolori articolari e ossa fragili<\/strong>&nbsp;Il ruolo principale della vitamina D \u00e8 quello di assicurare l\u2019assorbimento intestinale di calcio e fosfato, che svolgono un ruolo chiave per la salute di articolazioni, muscoli, denti e ossa, prevenendo l\u2019osteoporosi. Le persone con bassi livelli di vitamina D possono presentare quindi dolori articolari e un rischio superiore di osteoporosi e quindi di fratture da fragilit\u00e0&nbsp;<strong>Problemi intestinali<\/strong>&nbsp;Il deficit di vitamina D \u00e8 molto probabile nelle persone con patologie intestinali che danneggiano l\u2019assorbimento dei grassi. Questo perch\u00e9 la vitamina D \u00e8 liposolubile e viene dunque assorbita attraverso i grassi.&nbsp;<strong>Sudore alla testa e alle mani<\/strong>&nbsp;Solitamente si inizia a sudare quando la temperatura corporea sale al di sopra di una certa soglia. Il pi\u00f9 delle volte si tratta di una reazione normale. Tuttavia, un\u2019eccessiva sudorazione pu\u00f2 anche indicare una carenza di vitamina D, soprattutto se a sudare sono principalmente la testa e le mani.<\/p>\n","protected":false},"excerpt":{"rendered":"<p>La vitamina d \u00e8 davvero in grado di prevenire o trattare il Covid-19? Ecco cosa dicono gli esperti Il focus della ricerca riguarda in realt\u00e0 l\u2019aiuto che fornisce la vitamina al sistema immunitario e la&#8230;<\/p>\n<a href=\"https:\/\/burningsun.eu\/en\/covid-la-vitamina-d-previene-linfezione-cosa-dicono-gli-esperti\/\" class=\"readmore\" title=\"Read More\">Leggi tutto<\/a>","protected":false},"author":1,"featured_media":630,"comment_status":"closed","ping_status":"closed","sticky":false,"template":"","format":"standard","meta":{"_acf_changed":false,"footnotes":""},"categories":[29],"tags":[],"class_list":["post-226","post","type-post","status-publish","format-standard","has-post-thumbnail","hentry","category-supplement"],"acf":[],"yoast_head":"<!-- This site is optimized with the Yoast SEO plugin v26.5 - https:\/\/yoast.com\/wordpress\/plugins\/seo\/ -->\n<title>Covid, la vitamina D previene l\u2019infezione? Cosa dicono gli esperti - BurningSun<\/title>\n<meta name=\"robots\" content=\"index, follow, max-snippet:-1, max-image-preview:large, max-video-preview:-1\" \/>\n<link rel=\"canonical\" href=\"https:\/\/burningsun.eu\/en\/covid-la-vitamina-d-previene-linfezione-cosa-dicono-gli-esperti\/\" \/>\n<meta property=\"og:locale\" content=\"en_US\" \/>\n<meta property=\"og:type\" content=\"article\" \/>\n<meta property=\"og:title\" content=\"Covid, la vitamina D previene l\u2019infezione? Cosa dicono gli esperti - BurningSun\" \/>\n<meta property=\"og:description\" content=\"La vitamina d \u00e8 davvero in grado di prevenire o trattare il Covid-19? Ecco cosa dicono gli esperti Il focus della ricerca riguarda in realt\u00e0 l\u2019aiuto che fornisce la vitamina al sistema immunitario e la...\" \/>\n<meta property=\"og:url\" content=\"https:\/\/burningsun.eu\/en\/covid-la-vitamina-d-previene-linfezione-cosa-dicono-gli-esperti\/\" \/>\n<meta property=\"og:site_name\" content=\"BurningSun\" \/>\n<meta property=\"article:published_time\" content=\"2021-10-19T08:41:38+00:00\" \/>\n<meta property=\"article:modified_time\" content=\"2021-11-18T17:19:26+00:00\" \/>\n<meta property=\"og:image\" content=\"https:\/\/burningsun.eu\/wp-content\/uploads\/2021\/11\/New-Project-38.jpg\" \/>\n\t<meta property=\"og:image:width\" content=\"1200\" \/>\n\t<meta property=\"og:image:height\" content=\"1200\" \/>\n\t<meta property=\"og:image:type\" content=\"image\/jpeg\" \/>\n<meta name=\"author\" content=\"admin\" \/>\n<meta name=\"twitter:card\" content=\"summary_large_image\" \/>\n<meta name=\"twitter:label1\" content=\"Written by\" \/>\n\t<meta name=\"twitter:data1\" content=\"admin\" \/>\n\t<meta name=\"twitter:label2\" content=\"Est. reading time\" \/>\n\t<meta name=\"twitter:data2\" content=\"4 minutes\" \/>\n<script type=\"application\/ld+json\" class=\"yoast-schema-graph\">{\"@context\":\"https:\/\/schema.org\",\"@graph\":[{\"@type\":\"Article\",\"@id\":\"https:\/\/burningsun.eu\/en\/covid-la-vitamina-d-previene-linfezione-cosa-dicono-gli-esperti\/#article\",\"isPartOf\":{\"@id\":\"https:\/\/burningsun.eu\/en\/covid-la-vitamina-d-previene-linfezione-cosa-dicono-gli-esperti\/\"},\"author\":{\"name\":\"admin\",\"@id\":\"https:\/\/burningsun.eu\/en\/#\/schema\/person\/9d8da04acf3f235f68a273776c97a0e6\"},\"headline\":\"Covid, la vitamina D previene l\u2019infezione? Cosa dicono gli esperti\",\"datePublished\":\"2021-10-19T08:41:38+00:00\",\"dateModified\":\"2021-11-18T17:19:26+00:00\",\"mainEntityOfPage\":{\"@id\":\"https:\/\/burningsun.eu\/en\/covid-la-vitamina-d-previene-linfezione-cosa-dicono-gli-esperti\/\"},\"wordCount\":780,\"publisher\":{\"@id\":\"https:\/\/burningsun.eu\/en\/#organization\"},\"image\":{\"@id\":\"https:\/\/burningsun.eu\/en\/covid-la-vitamina-d-previene-linfezione-cosa-dicono-gli-esperti\/#primaryimage\"},\"thumbnailUrl\":\"https:\/\/burningsun.eu\/wp-content\/uploads\/2021\/11\/New-Project-38.jpg\",\"articleSection\":[\"Supplement\"],\"inLanguage\":\"en-US\"},{\"@type\":\"WebPage\",\"@id\":\"https:\/\/burningsun.eu\/en\/covid-la-vitamina-d-previene-linfezione-cosa-dicono-gli-esperti\/\",\"url\":\"https:\/\/burningsun.eu\/en\/covid-la-vitamina-d-previene-linfezione-cosa-dicono-gli-esperti\/\",\"name\":\"Covid, la vitamina D previene l\u2019infezione? Cosa dicono gli esperti - BurningSun\",\"isPartOf\":{\"@id\":\"https:\/\/burningsun.eu\/en\/#website\"},\"primaryImageOfPage\":{\"@id\":\"https:\/\/burningsun.eu\/en\/covid-la-vitamina-d-previene-linfezione-cosa-dicono-gli-esperti\/#primaryimage\"},\"image\":{\"@id\":\"https:\/\/burningsun.eu\/en\/covid-la-vitamina-d-previene-linfezione-cosa-dicono-gli-esperti\/#primaryimage\"},\"thumbnailUrl\":\"https:\/\/burningsun.eu\/wp-content\/uploads\/2021\/11\/New-Project-38.jpg\",\"datePublished\":\"2021-10-19T08:41:38+00:00\",\"dateModified\":\"2021-11-18T17:19:26+00:00\",\"breadcrumb\":{\"@id\":\"https:\/\/burningsun.eu\/en\/covid-la-vitamina-d-previene-linfezione-cosa-dicono-gli-esperti\/#breadcrumb\"},\"inLanguage\":\"en-US\",\"potentialAction\":[{\"@type\":\"ReadAction\",\"target\":[\"https:\/\/burningsun.eu\/en\/covid-la-vitamina-d-previene-linfezione-cosa-dicono-gli-esperti\/\"]}]},{\"@type\":\"ImageObject\",\"inLanguage\":\"en-US\",\"@id\":\"https:\/\/burningsun.eu\/en\/covid-la-vitamina-d-previene-linfezione-cosa-dicono-gli-esperti\/#primaryimage\",\"url\":\"https:\/\/burningsun.eu\/wp-content\/uploads\/2021\/11\/New-Project-38.jpg\",\"contentUrl\":\"https:\/\/burningsun.eu\/wp-content\/uploads\/2021\/11\/New-Project-38.jpg\",\"width\":1200,\"height\":1200},{\"@type\":\"BreadcrumbList\",\"@id\":\"https:\/\/burningsun.eu\/en\/covid-la-vitamina-d-previene-linfezione-cosa-dicono-gli-esperti\/#breadcrumb\",\"itemListElement\":[{\"@type\":\"ListItem\",\"position\":1,\"name\":\"Home\",\"item\":\"https:\/\/burningsun.eu\/en\/home\/\"},{\"@type\":\"ListItem\",\"position\":2,\"name\":\"Covid, la vitamina D previene l\u2019infezione? Cosa dicono gli esperti\"}]},{\"@type\":\"WebSite\",\"@id\":\"https:\/\/burningsun.eu\/en\/#website\",\"url\":\"https:\/\/burningsun.eu\/en\/\",\"name\":\"BurningSun\",\"description\":\"La natura prima di tutto\",\"publisher\":{\"@id\":\"https:\/\/burningsun.eu\/en\/#organization\"},\"potentialAction\":[{\"@type\":\"SearchAction\",\"target\":{\"@type\":\"EntryPoint\",\"urlTemplate\":\"https:\/\/burningsun.eu\/en\/?s={search_term_string}\"},\"query-input\":{\"@type\":\"PropertyValueSpecification\",\"valueRequired\":true,\"valueName\":\"search_term_string\"}}],\"inLanguage\":\"en-US\"},{\"@type\":\"Organization\",\"@id\":\"https:\/\/burningsun.eu\/en\/#organization\",\"name\":\"BurningSun\",\"url\":\"https:\/\/burningsun.eu\/en\/\",\"logo\":{\"@type\":\"ImageObject\",\"inLanguage\":\"en-US\",\"@id\":\"https:\/\/burningsun.eu\/en\/#\/schema\/logo\/image\/\",\"url\":\"https:\/\/burningsun.eu\/wp-content\/uploads\/2021\/12\/Logo-Scritta-BurningSun.svg\",\"contentUrl\":\"https:\/\/burningsun.eu\/wp-content\/uploads\/2021\/12\/Logo-Scritta-BurningSun.svg\",\"width\":1,\"height\":1,\"caption\":\"BurningSun\"},\"image\":{\"@id\":\"https:\/\/burningsun.eu\/en\/#\/schema\/logo\/image\/\"}},{\"@type\":\"Person\",\"@id\":\"https:\/\/burningsun.eu\/en\/#\/schema\/person\/9d8da04acf3f235f68a273776c97a0e6\",\"name\":\"admin\",\"image\":{\"@type\":\"ImageObject\",\"inLanguage\":\"en-US\",\"@id\":\"https:\/\/burningsun.eu\/en\/#\/schema\/person\/image\/\",\"url\":\"https:\/\/secure.gravatar.com\/avatar\/d7438e10955c153c2e6529caad4226b22f15b72d4b12597ea91f1fe40c61aa2a?s=96&d=monsterid&r=g\",\"contentUrl\":\"https:\/\/secure.gravatar.com\/avatar\/d7438e10955c153c2e6529caad4226b22f15b72d4b12597ea91f1fe40c61aa2a?s=96&d=monsterid&r=g\",\"caption\":\"admin\"},\"sameAs\":[\"https:\/\/burningsun.eu\"]}]}<\/script>\n<!-- \/ Yoast SEO plugin. -->","yoast_head_json":{"title":"Covid, la vitamina D previene l\u2019infezione? Cosa dicono gli esperti - BurningSun","robots":{"index":"index","follow":"follow","max-snippet":"max-snippet:-1","max-image-preview":"max-image-preview:large","max-video-preview":"max-video-preview:-1"},"canonical":"https:\/\/burningsun.eu\/en\/covid-la-vitamina-d-previene-linfezione-cosa-dicono-gli-esperti\/","og_locale":"en_US","og_type":"article","og_title":"Covid, la vitamina D previene l\u2019infezione? Cosa dicono gli esperti - BurningSun","og_description":"La vitamina d \u00e8 davvero in grado di prevenire o trattare il Covid-19? Ecco cosa dicono gli esperti Il focus della ricerca riguarda in realt\u00e0 l\u2019aiuto che fornisce la vitamina al sistema immunitario e la...","og_url":"https:\/\/burningsun.eu\/en\/covid-la-vitamina-d-previene-linfezione-cosa-dicono-gli-esperti\/","og_site_name":"BurningSun","article_published_time":"2021-10-19T08:41:38+00:00","article_modified_time":"2021-11-18T17:19:26+00:00","og_image":[{"width":1200,"height":1200,"url":"https:\/\/burningsun.eu\/wp-content\/uploads\/2021\/11\/New-Project-38.jpg","type":"image\/jpeg"}],"author":"admin","twitter_card":"summary_large_image","twitter_misc":{"Written by":"admin","Est. reading time":"4 minutes"},"schema":{"@context":"https:\/\/schema.org","@graph":[{"@type":"Article","@id":"https:\/\/burningsun.eu\/en\/covid-la-vitamina-d-previene-linfezione-cosa-dicono-gli-esperti\/#article","isPartOf":{"@id":"https:\/\/burningsun.eu\/en\/covid-la-vitamina-d-previene-linfezione-cosa-dicono-gli-esperti\/"},"author":{"name":"admin","@id":"https:\/\/burningsun.eu\/en\/#\/schema\/person\/9d8da04acf3f235f68a273776c97a0e6"},"headline":"Covid, la vitamina D previene l\u2019infezione? Cosa dicono gli esperti","datePublished":"2021-10-19T08:41:38+00:00","dateModified":"2021-11-18T17:19:26+00:00","mainEntityOfPage":{"@id":"https:\/\/burningsun.eu\/en\/covid-la-vitamina-d-previene-linfezione-cosa-dicono-gli-esperti\/"},"wordCount":780,"publisher":{"@id":"https:\/\/burningsun.eu\/en\/#organization"},"image":{"@id":"https:\/\/burningsun.eu\/en\/covid-la-vitamina-d-previene-linfezione-cosa-dicono-gli-esperti\/#primaryimage"},"thumbnailUrl":"https:\/\/burningsun.eu\/wp-content\/uploads\/2021\/11\/New-Project-38.jpg","articleSection":["Supplement"],"inLanguage":"en-US"},{"@type":"WebPage","@id":"https:\/\/burningsun.eu\/en\/covid-la-vitamina-d-previene-linfezione-cosa-dicono-gli-esperti\/","url":"https:\/\/burningsun.eu\/en\/covid-la-vitamina-d-previene-linfezione-cosa-dicono-gli-esperti\/","name":"Covid, la vitamina D previene l\u2019infezione? Cosa dicono gli esperti - BurningSun","isPartOf":{"@id":"https:\/\/burningsun.eu\/en\/#website"},"primaryImageOfPage":{"@id":"https:\/\/burningsun.eu\/en\/covid-la-vitamina-d-previene-linfezione-cosa-dicono-gli-esperti\/#primaryimage"},"image":{"@id":"https:\/\/burningsun.eu\/en\/covid-la-vitamina-d-previene-linfezione-cosa-dicono-gli-esperti\/#primaryimage"},"thumbnailUrl":"https:\/\/burningsun.eu\/wp-content\/uploads\/2021\/11\/New-Project-38.jpg","datePublished":"2021-10-19T08:41:38+00:00","dateModified":"2021-11-18T17:19:26+00:00","breadcrumb":{"@id":"https:\/\/burningsun.eu\/en\/covid-la-vitamina-d-previene-linfezione-cosa-dicono-gli-esperti\/#breadcrumb"},"inLanguage":"en-US","potentialAction":[{"@type":"ReadAction","target":["https:\/\/burningsun.eu\/en\/covid-la-vitamina-d-previene-linfezione-cosa-dicono-gli-esperti\/"]}]},{"@type":"ImageObject","inLanguage":"en-US","@id":"https:\/\/burningsun.eu\/en\/covid-la-vitamina-d-previene-linfezione-cosa-dicono-gli-esperti\/#primaryimage","url":"https:\/\/burningsun.eu\/wp-content\/uploads\/2021\/11\/New-Project-38.jpg","contentUrl":"https:\/\/burningsun.eu\/wp-content\/uploads\/2021\/11\/New-Project-38.jpg","width":1200,"height":1200},{"@type":"BreadcrumbList","@id":"https:\/\/burningsun.eu\/en\/covid-la-vitamina-d-previene-linfezione-cosa-dicono-gli-esperti\/#breadcrumb","itemListElement":[{"@type":"ListItem","position":1,"name":"Home","item":"https:\/\/burningsun.eu\/en\/home\/"},{"@type":"ListItem","position":2,"name":"Covid, la vitamina D previene l\u2019infezione? Cosa dicono gli esperti"}]},{"@type":"WebSite","@id":"https:\/\/burningsun.eu\/en\/#website","url":"https:\/\/burningsun.eu\/en\/","name":"BurningSun","description":"La natura prima di tutto","publisher":{"@id":"https:\/\/burningsun.eu\/en\/#organization"},"potentialAction":[{"@type":"SearchAction","target":{"@type":"EntryPoint","urlTemplate":"https:\/\/burningsun.eu\/en\/?s={search_term_string}"},"query-input":{"@type":"PropertyValueSpecification","valueRequired":true,"valueName":"search_term_string"}}],"inLanguage":"en-US"},{"@type":"Organization","@id":"https:\/\/burningsun.eu\/en\/#organization","name":"BurningSun","url":"https:\/\/burningsun.eu\/en\/","logo":{"@type":"ImageObject","inLanguage":"en-US","@id":"https:\/\/burningsun.eu\/en\/#\/schema\/logo\/image\/","url":"https:\/\/burningsun.eu\/wp-content\/uploads\/2021\/12\/Logo-Scritta-BurningSun.svg","contentUrl":"https:\/\/burningsun.eu\/wp-content\/uploads\/2021\/12\/Logo-Scritta-BurningSun.svg","width":1,"height":1,"caption":"BurningSun"},"image":{"@id":"https:\/\/burningsun.eu\/en\/#\/schema\/logo\/image\/"}},{"@type":"Person","@id":"https:\/\/burningsun.eu\/en\/#\/schema\/person\/9d8da04acf3f235f68a273776c97a0e6","name":"admin","image":{"@type":"ImageObject","inLanguage":"en-US","@id":"https:\/\/burningsun.eu\/en\/#\/schema\/person\/image\/","url":"https:\/\/secure.gravatar.com\/avatar\/d7438e10955c153c2e6529caad4226b22f15b72d4b12597ea91f1fe40c61aa2a?s=96&d=monsterid&r=g","contentUrl":"https:\/\/secure.gravatar.com\/avatar\/d7438e10955c153c2e6529caad4226b22f15b72d4b12597ea91f1fe40c61aa2a?s=96&d=monsterid&r=g","caption":"admin"},"sameAs":["https:\/\/burningsun.eu"]}]}},"_links":{"self":[{"href":"https:\/\/burningsun.eu\/en\/wp-json\/wp\/v2\/posts\/226","targetHints":{"allow":["GET"]}}],"collection":[{"href":"https:\/\/burningsun.eu\/en\/wp-json\/wp\/v2\/posts"}],"about":[{"href":"https:\/\/burningsun.eu\/en\/wp-json\/wp\/v2\/types\/post"}],"author":[{"embeddable":true,"href":"https:\/\/burningsun.eu\/en\/wp-json\/wp\/v2\/users\/1"}],"replies":[{"embeddable":true,"href":"https:\/\/burningsun.eu\/en\/wp-json\/wp\/v2\/comments?post=226"}],"version-history":[{"count":0,"href":"https:\/\/burningsun.eu\/en\/wp-json\/wp\/v2\/posts\/226\/revisions"}],"wp:featuredmedia":[{"embeddable":true,"href":"https:\/\/burningsun.eu\/en\/wp-json\/wp\/v2\/media\/630"}],"wp:attachment":[{"href":"https:\/\/burningsun.eu\/en\/wp-json\/wp\/v2\/media?parent=226"}],"wp:term":[{"taxonomy":"category","embeddable":true,"href":"https:\/\/burningsun.eu\/en\/wp-json\/wp\/v2\/categories?post=226"},{"taxonomy":"post_tag","embeddable":true,"href":"https:\/\/burningsun.eu\/en\/wp-json\/wp\/v2\/tags?post=226"}],"curies":[{"name":"wp","href":"https:\/\/api.w.org\/{rel}","templated":true}]}}